

{"id":2215,"date":"2021-06-05T12:26:20","date_gmt":"2021-06-05T12:26:20","guid":{"rendered":"\/?post_type=news&#038;p=2215"},"modified":"2021-07-29T14:40:32","modified_gmt":"2021-07-29T14:40:32","slug":"swiat-przyrost-naturalny","status":"publish","type":"news","link":"https:\/\/meridianprime.online\/news\/swiat-przyrost-naturalny\/","title":{"rendered":"\u015awiat &#8211; przyrost naturalny"},"content":{"rendered":"","protected":false},"excerpt":{"rendered":"<p>Nowa mapa w dziale GEOGRAFIA->\u015aWIAT. Przedstawia zagadnienia zwi\u0105zane z przyrostem naturalnym \u015bwiecie Na eksplozj\u0119 demograficzn\u0105, kt\u00f3rej do\u015bwiadcza \u015bwiat w ostatnim stuleciu wp\u0142ywa zar\u00f3wno wsp\u00f3\u0142czynnik przyrostu naturalnego, wsp\u00f3\u0142czynnik dzietno\u015bci oraz wyd\u0142u\u017cenie \u017cycia ludzi. <\/p>\n","protected":false},"featured_media":2219,"menu_order":39,"template":"","categories":[9,39],"baner":[8],"class_list":["post-2215","news","type-news","status-publish","has-post-thumbnail","hentry","category-geografia","category-wos","baner-news"],"_links":{"self":[{"href":"https:\/\/meridianprime.online\/en\/wp-json\/wp\/v2\/news\/2215","targetHints":{"allow":["GET"]}}],"collection":[{"href":"https:\/\/meridianprime.online\/en\/wp-json\/wp\/v2\/news"}],"about":[{"href":"https:\/\/meridianprime.online\/en\/wp-json\/wp\/v2\/types\/news"}],"wp:featuredmedia":[{"embeddable":true,"href":"https:\/\/meridianprime.online\/en\/wp-json\/wp\/v2\/media\/2219"}],"wp:attachment":[{"href":"https:\/\/meridianprime.online\/en\/wp-json\/wp\/v2\/media?parent=2215"}],"wp:term":[{"taxonomy":"category","embeddable":true,"href":"https:\/\/meridianprime.online\/en\/wp-json\/wp\/v2\/categories?post=2215"},{"taxonomy":"baner","embeddable":true,"href":"https:\/\/meridianprime.online\/en\/wp-json\/wp\/v2\/baner?post=2215"}],"curies":[{"name":"wp","href":"https:\/\/api.w.org\/{rel}","templated":true}]}}